{"id":175,"date":"2014-06-24T23:21:18","date_gmt":"2014-06-24T21:21:18","guid":{"rendered":"http:\/\/www.ilmosaicoassociazione.it\/wordpress\/?p=175"},"modified":"2017-04-18T23:22:00","modified_gmt":"2017-04-18T21:22:00","slug":"sguardi-al-futuro-la-citta-del-signor-d-7a-edizione","status":"publish","type":"post","link":"https:\/\/www.ilmosaicoassociazione.it\/wordpress\/blog\/2014\/06\/24\/sguardi-al-futuro-la-citta-del-signor-d-7a-edizione\/","title":{"rendered":"Sguardi al futuro &#8211; La citt\u00e0 del Signor D, 7a edizione"},"content":{"rendered":"<p>La mattinata di sabato 21 giugno il Convegno \u201cSGUARDI AL FUTURO\u201d \u00e8 stato un momento formativo qualificante per tutti i partecipanti: gli amici de Il Mosaico, il Sindaco e gli Assessori, le famiglie, gli operatori.<\/p>\n<p>Le riflessioni dei relatori e di quanti sono intervenuti hanno sollecitato ad unirci noi presenti insieme alle persone che desiderano fare piccoli passi per provare a migliorare un pochino Giussano, per lasciare nella Comunit\u00e0 un nuovo segno, costruendo esperienze di vita buone per tutti ed alimentando una cultura che crea terreno fertile di ascolto, condivisione e tolleranza e fa diminuire disabilit\u00e0 e differenze, accorcia e riduce distanze facendo star bene tutti.<br \/>\nOttimi la ricerca ed il contributo dei relatori qualificati ed esperti che illustrando il pensiero, lo studio e le prassi attivate e tradotte in progetti e percorsi di vita per tante persone, hanno pienamente corrisposto al progetto \u201cDOPO DI NOI\u201d, lavoro che Il Mosaico ha in cantiere ed in parte avviato con il Progetto SGUARDI AL FUTURO attraverso l\u2019opera di Stefania Gioia, psicologa e volontaria del Mosaico, la collaborazione dei Servizi Sociali del comune di Giussano e piccole iniziali esperienze.<br \/>\n\u201cORIZZONTI e inediti intrecci\u201d il tema trattato da Maurizio Colleoni, Psicologo ed esperto di servizi nell\u2019ambito della disabilit\u00e0; \u201cSERVIZI INCLUSIVI\u201d illustrato da Riccardo Morelli, Assistente sociale responsabile del Servizio Disabili del Comune di Garbagnate Milanese e \u201cDAL DIRE AL FARE: Idea Vita\u201d esperienza raccontata da Maria Antonietta Guidi Anderloni, genitore di persona con disabilit\u00e0 e Fondatore promotore della Fondazione di Idea Vita a Milano insieme a Nicoletta Squartini Assistente sociale nell\u2019area della disabilit\u00e0 e operatrice del monitoraggio.<br \/>\nLa nostra Citt\u00e0 pi\u00f9 vivibile per tutti perch\u00e9 pi\u00f9 a misura di uomo, di ogni cittadino che abita questo Territorio e vive con le persone relazioni di reciprocit\u00e0 che fanno star bene ed arricchiscono perch\u00e8 danno quel tocco di serenit\u00e0 alla vita quotidiana che noi, donne e uomini dei nostri giorni ricerchiamo e desideriamo nel tempo presente e per il futuro dei nostri figli.<br \/>\nE\u2019 l\u2019obiettivo alto, fatto di buone prassi, gi\u00e0 parzialmente raggiunto con percorsi operativi stimolanti ed interessanti che sono studiati e condivisi da famiglie, operatori, cittadini, aziende e amministratori e diventano progetti di vita nelle nostre citt\u00e0 promuovendo l\u2019inclusione di persone con disabilit\u00e0, compagni di viaggio che invitano a creare e ad aver cura dei legami personali che aiutano a capire meglio il senso della vita migliorando la vita sociale e quella di tutti noi.<br \/>\nE\u2019 l\u2019invito a mettersi in gioco dentro il modo di vivere il nostro Territorio, pensando ed agendo una funzione attiva per il bene di ciascuno e di tutti, senza lasciare nessuno ai margini, operando con la collaborazione di persone, famiglie, Associazioni e generando valore sociale nella Comunit\u00e0.<br \/>\nCostruendo cordate e mettendoci in rete possiamo generare valore sociale ed essere utili al Territorio, possiamo pensare dentro una comunit\u00e0 alle sue necessit\u00e0 ed a possibili risposte con servizi professionali svolti da persone con diversabilit\u00e0 per l\u2019utilit\u00e0 comune, possiamo prevedere case in condominio, palazzina o cascina in cui le esperienze di vita diventano riferimento per tutti.<br \/>\nDal punto di vista dell\u2019operatore l\u2019ascolto dei bisogni, la lettura delle situazioni e lo sguardo attento al contesto di vita familiare e comunitario hanno prodotto in un territorio del milanese un effetto domino attivando l\u2019AUTO MUTUO AIUTO con relazioni di vicinanza, fiducia e prossimit\u00e0 che fanno crescere consapevolezza e fiducia nella persona e nella famiglia. Insieme si costruisce il Progetto di Vita, fatto di una composizione di sguardi e punti di vista, tutti importanti per realizzare il sogno nel cassetto della persona e della sua famiglia verso una VITA ADULTA AUTONOMA dentro una Comunit\u00e0, nella convinzione che \u201cUna persona \u00e8 persona tramite altre persone\u201d.<br \/>\nNenette, mamma, ci ha arricchito con l\u2019apporto unico e prezioso del percorso di vita genitoriale e familiare raccontando la storia di IDEA VITA, associazione di genitori, nata 15 anni fa a Milano con l\u2019obiettivo di prevedere un progetto di vita che desse maggior grado di serenit\u00e0 ai figli nella consapevolezza che le risorse economiche da sole non risolvono il problema. Le riflessioni sulla qualit\u00e0 della vita, l\u2019accompagnamento dei figli, la collaborazione costante con gli operatori, la costruzione di reti hanno messo in circolo un discorso culturale che d\u00e0 sicurezza: diversit\u00e0 e percorso di vita nella normalit\u00e0 della vita civile, nel rispetto di ruoli e compiti specifici delle famiglie, degli operatori, delle istituzioni. Il percorso ha portato a realizzare la Fondazione per la salvaguardia della qualit\u00e0 della Vita con la presenza di famiglie, associazioni, persone e personalit\u00e0 giuridiche.<br \/>\nIl dato evolutivo della persona, della vita di ciascuno e dei contesti in cui viviamo, ha ricordato Nicoletta, ha reso necessario il Monitoraggio dei progetti e dei percorsi di ciascuna persona. Il percorso di crescita e vita valorizza l\u2019apprendimento esperienziale con le sue risorse e si realizza in contesti abitativi, le CASE, dove c\u2019\u00e8 serenit\u00e0 e spesso festa, dove le persone vivono la vita quotidiana con libert\u00e0, e compagnia reciproca, con la costante regia del monitore che legge, conosce la storia di ciascuno, opera in rete con tutte le persone coinvolte e sa che i progetti di vita sono aperti, continua e garantisce continuit\u00e0 allo sguardo genitoriale fatto di tenerezza e di presenza anche e soprattutto dopo di noi.<br \/>\nDopo questo Convegno, con gli amici del Mosaico e con quanti desiderano intraprendere questa bella avventura, siamo chiamati e messi in gioco a pensare la vita di tutti per la nostra citt\u00e0, una tessera nel mosaico del mondo, terra fertile che ci \u00e8 stata donata per far germogliare tanti buoni semi.<\/p>\n","protected":false},"excerpt":{"rendered":"<p>La mattinata di sabato 21 giugno il Convegno \u201cSGUARDI AL FUTURO\u201d \u00e8 stato un momento formativo qualificante per tutti i partecipanti: gli amici de Il Mosaico, il Sindaco e gli Assessori, le famiglie, gli operatori. Le riflessioni dei relatori e di quanti sono intervenuti hanno sollecitato ad unirci noi presenti insieme alle persone che desiderano&nbsp;&hellip;<\/p>\n","protected":false},"author":1,"featured_media":176,"comment_status":"open","ping_status":"open","sticky":false,"template":"","format":"standard","meta":{"_crdt_document":"","ngg_post_thumbnail":0,"footnotes":""},"categories":[10,11],"tags":[],"class_list":["post-175","post","type-post","status-publish","format-standard","has-post-thumbnail","hentry","category-covegno","category-eventi"],"_links":{"self":[{"href":"https:\/\/www.ilmosaicoassociazione.it\/wordpress\/wp-json\/wp\/v2\/posts\/175","targetHints":{"allow":["GET"]}}],"collection":[{"href":"https:\/\/www.ilmosaicoassociazione.it\/wordpress\/wp-json\/wp\/v2\/posts"}],"about":[{"href":"https:\/\/www.ilmosaicoassociazione.it\/wordpress\/wp-json\/wp\/v2\/types\/post"}],"author":[{"embeddable":true,"href":"https:\/\/www.ilmosaicoassociazione.it\/wordpress\/wp-json\/wp\/v2\/users\/1"}],"replies":[{"embeddable":true,"href":"https:\/\/www.ilmosaicoassociazione.it\/wordpress\/wp-json\/wp\/v2\/comments?post=175"}],"version-history":[{"count":1,"href":"https:\/\/www.ilmosaicoassociazione.it\/wordpress\/wp-json\/wp\/v2\/posts\/175\/revisions"}],"predecessor-version":[{"id":177,"href":"https:\/\/www.ilmosaicoassociazione.it\/wordpress\/wp-json\/wp\/v2\/posts\/175\/revisions\/177"}],"wp:featuredmedia":[{"embeddable":true,"href":"https:\/\/www.ilmosaicoassociazione.it\/wordpress\/wp-json\/wp\/v2\/media\/176"}],"wp:attachment":[{"href":"https:\/\/www.ilmosaicoassociazione.it\/wordpress\/wp-json\/wp\/v2\/media?parent=175"}],"wp:term":[{"taxonomy":"category","embeddable":true,"href":"https:\/\/www.ilmosaicoassociazione.it\/wordpress\/wp-json\/wp\/v2\/categories?post=175"},{"taxonomy":"post_tag","embeddable":true,"href":"https:\/\/www.ilmosaicoassociazione.it\/wordpress\/wp-json\/wp\/v2\/tags?post=175"}],"curies":[{"name":"wp","href":"https:\/\/api.w.org\/{rel}","templated":true}]}}